{"id":85,"date":"2013-11-11T18:29:19","date_gmt":"2013-11-11T17:29:19","guid":{"rendered":"http:\/\/www.frauenbund-kumreut.de\/?p=85"},"modified":"2015-01-21T09:28:41","modified_gmt":"2015-01-21T08:28:41","slug":"unser-gemeinsames-fruehstueck","status":"publish","type":"post","link":"https:\/\/www.frauenbund-kumreut.de\/?p=85","title":{"rendered":"Unser gemeinsames Fr\u00fchst\u00fcck"},"content":{"rendered":"<figure id=\"attachment_93\" aria-describedby=\"caption-attachment-93\" style=\"width: 300px\" class=\"wp-caption aligncenter\"><a href=\"http:\/\/www.frauenbund-kumreut.de\/wp-content\/uploads\/2013\/11\/P1040351.jpg\"><img loading=\"lazy\" decoding=\"async\" class=\"size-medium wp-image-93\" alt=\"Ein guter Start in den Tag\" src=\"http:\/\/www.frauenbund-kumreut.de\/wp-content\/uploads\/2013\/11\/P1040351-300x225.jpg\" width=\"300\" height=\"225\" srcset=\"https:\/\/www.frauenbund-kumreut.de\/wp-content\/uploads\/2013\/11\/P1040351-300x225.jpg 300w, https:\/\/www.frauenbund-kumreut.de\/wp-content\/uploads\/2013\/11\/P1040351-1024x768.jpg 1024w, https:\/\/www.frauenbund-kumreut.de\/wp-content\/uploads\/2013\/11\/P1040351.jpg 2048w\" sizes=\"auto, (max-width: 300px) 100vw, 300px\" \/><\/a><figcaption id=\"caption-attachment-93\" class=\"wp-caption-text\">Ein guter Start in den Tag<\/figcaption><\/figure>\n<p>Jeden 2. Donnerstag im Monat gibt es ein gemeinsames Fr\u00fchst\u00fcck f\u00fcr die Frauenbundmitglieder im Pfarrheim Kumreut. Bei diesem Fr\u00fchst\u00fcck wird darauf geachtet, dass die angebotenen Fr\u00fchst\u00fcckszutaten von heimischen Erzeugern oder Gesch\u00e4ften kommen. Urspr\u00fcnglich entstand dieses Fr\u00fchst\u00fcck aus der Idee, ein &#8222;Fr\u00fchst\u00fcck der kurzen Wege&#8220; zu veranstalten. Da diese Idee gleich so gro\u00dfen Anklang bei den Mitgliedern des Frauenbundes fand, entschloss man sich, dies weiterzuf\u00fchren und man konnte bereits den 5. Jahrestag feiern.<\/p>\n","protected":false},"excerpt":{"rendered":"<p>Jeden 2. Donnerstag im Monat gibt es ein gemeinsames Fr\u00fchst\u00fcck f\u00fcr die Frauenbundmitglieder im Pfarrheim Kumreut. Bei diesem Fr\u00fchst\u00fcck wird darauf geachtet, dass die angebotenen Fr\u00fchst\u00fcckszutaten von heimischen Erzeugern oder Gesch\u00e4ften kommen. Urspr\u00fcnglich entstand dieses Fr\u00fchst\u00fcck aus der Idee, ein   Unser gemeinsames Fr\u00fchst\u00fcck weiterlesen&rarr;<\/p>\n","protected":false},"author":1,"featured_media":0,"comment_status":"closed","ping_status":"closed","sticky":false,"template":"","format":"standard","meta":{"footnotes":""},"categories":[1],"tags":[],"class_list":["post-85","post","type-post","status-publish","format-standard","hentry","category-allgemein"],"_links":{"self":[{"href":"https:\/\/www.frauenbund-kumreut.de\/index.php?rest_route=\/wp\/v2\/posts\/85","targetHints":{"allow":["GET"]}}],"collection":[{"href":"https:\/\/www.frauenbund-kumreut.de\/index.php?rest_route=\/wp\/v2\/posts"}],"about":[{"href":"https:\/\/www.frauenbund-kumreut.de\/index.php?rest_route=\/wp\/v2\/types\/post"}],"author":[{"embeddable":true,"href":"https:\/\/www.frauenbund-kumreut.de\/index.php?rest_route=\/wp\/v2\/users\/1"}],"replies":[{"embeddable":true,"href":"https:\/\/www.frauenbund-kumreut.de\/index.php?rest_route=%2Fwp%2Fv2%2Fcomments&post=85"}],"version-history":[{"count":4,"href":"https:\/\/www.frauenbund-kumreut.de\/index.php?rest_route=\/wp\/v2\/posts\/85\/revisions"}],"predecessor-version":[{"id":223,"href":"https:\/\/www.frauenbund-kumreut.de\/index.php?rest_route=\/wp\/v2\/posts\/85\/revisions\/223"}],"wp:attachment":[{"href":"https:\/\/www.frauenbund-kumreut.de\/index.php?rest_route=%2Fwp%2Fv2%2Fmedia&parent=85"}],"wp:term":[{"taxonomy":"category","embeddable":true,"href":"https:\/\/www.frauenbund-kumreut.de\/index.php?rest_route=%2Fwp%2Fv2%2Fcategories&post=85"},{"taxonomy":"post_tag","embeddable":true,"href":"https:\/\/www.frauenbund-kumreut.de\/index.php?rest_route=%2Fwp%2Fv2%2Ftags&post=85"}],"curies":[{"name":"wp","href":"https:\/\/api.w.org\/{rel}","templated":true}]}}